{"id":114,"date":"2025-06-20T17:35:19","date_gmt":"2025-06-20T17:35:19","guid":{"rendered":"https:\/\/ampirivieranayarit.com\/blog\/?p=114"},"modified":"2025-07-04T18:42:01","modified_gmt":"2025-07-04T18:42:01","slug":"%f0%9f%8f%a1-como-destacarte-como-agente-inmobiliario-en-la-riviera-nayarit","status":"publish","type":"post","link":"https:\/\/ampirivieranayarit.com\/blog\/2025\/06\/20\/%f0%9f%8f%a1-como-destacarte-como-agente-inmobiliario-en-la-riviera-nayarit\/","title":{"rendered":"\ud83c\udfe1 C\u00f3mo Destacarte como Agente Inmobiliario en la Riviera Nayarit"},"content":{"rendered":"\n<p class=\"has-black-color has-text-color has-link-color wp-elements-1 wp-block-paragraph\">La Riviera Nayarit es uno de los destinos tur\u00edsticos y residenciales m\u00e1s codiciados de M\u00e9xico. Su dinamismo inmobiliario exige agentes profesionales, capacitados y con una propuesta de valor clara. En un mercado cada vez m\u00e1s competitivo, diferenciarte no solo es una ventaja, sino una necesidad.<\/p>\n\n\n<div class=\"wp-block-image\">\n<figure class=\"aligncenter size-large is-resized\"><img loading=\"lazy\" decoding=\"async\" width=\"1024\" height=\"677\" src=\"https:\/\/ampirivieranayarit.com\/blog\/wp-content\/uploads\/2025\/06\/Imagen-1-blog-interno-2-1-1024x677.jpg\" alt=\"\" class=\"wp-image-117\" style=\"width:480px;height:auto\" srcset=\"https:\/\/ampirivieranayarit.com\/blog\/wp-content\/uploads\/2025\/06\/Imagen-1-blog-interno-2-1-1024x677.jpg 1024w, https:\/\/ampirivieranayarit.com\/blog\/wp-content\/uploads\/2025\/06\/Imagen-1-blog-interno-2-1-300x198.jpg 300w, https:\/\/ampirivieranayarit.com\/blog\/wp-content\/uploads\/2025\/06\/Imagen-1-blog-interno-2-1-768x507.jpg 768w, https:\/\/ampirivieranayarit.com\/blog\/wp-content\/uploads\/2025\/06\/Imagen-1-blog-interno-2-1-1536x1015.jpg 1536w\" sizes=\"auto, (max-width: 1024px) 100vw, 1024px\" \/><\/figure>\n<\/div>\n\n\n<p class=\"has-black-color has-text-color has-link-color wp-elements-2 wp-block-paragraph\">Aqu\u00ed te compartimos las claves para destacar como agente inmobiliario en esta regi\u00f3n de alto valor.<\/p>\n\n\n\n<hr class=\"wp-block-separator has-alpha-channel-opacity\"\/>\n\n\n\n<h3 class=\"wp-block-heading\">1. <strong>Construye una Marca Personal S\u00f3lida<\/strong><\/h3>\n\n\n\n<p class=\"has-black-color has-text-color has-link-color wp-elements-3 wp-block-paragraph\">Tu nombre es tu carta de presentaci\u00f3n. Invertir en tu marca personal \u2014desde una identidad visual profesional hasta tu reputaci\u00f3n digital\u2014 te posiciona como un experto confiable en la zona. Usa tus redes sociales, participa en foros y mant\u00e9n una imagen coherente y aut\u00e9ntica.<\/p>\n\n\n\n<p class=\"has-ast-global-color-8-color has-text-color has-link-color wp-elements-4 wp-block-paragraph\">\ud83d\udcf2 <em>Presencia profesional en redes<\/em><\/p>\n\n\n\n<p class=\"has-ast-global-color-8-color has-text-color has-link-color wp-elements-5 wp-block-paragraph\">\ud83e\udd1d <em>Reputaci\u00f3n basada en confianza<\/em><\/p>\n\n\n\n<hr class=\"wp-block-separator has-alpha-channel-opacity\"\/>\n\n\n\n<h3 class=\"wp-block-heading\">2. <strong>Especial\u00edzate en un Nicho de Mercado<\/strong><\/h3>\n\n\n\n<p class=\"has-ast-global-color-8-color has-text-color has-link-color wp-elements-6 wp-block-paragraph\">Domina una zona, un tipo de propiedad o un perfil de cliente espec\u00edfico. Convertirte en \u201cel experto en Bucer\u00edas\u201d o en \u201cel asesor de lujo en Punta de Mita\u201d te permitir\u00e1 captar y fidelizar clientes con mayor facilidad.<\/p>\n\n\n\n<p class=\"has-ast-global-color-8-color has-text-color has-link-color wp-elements-7 wp-block-paragraph\">\ud83d\udccd <em>Conocimiento profundo del mercado local<\/em><\/p>\n\n\n\n<p class=\"has-ast-global-color-8-color has-text-color has-link-color wp-elements-8 wp-block-paragraph\">\ud83d\udcca <em>Segmentaci\u00f3n estrat\u00e9gica de clientes<\/em><\/p>\n\n\n\n<hr class=\"wp-block-separator has-alpha-channel-opacity\"\/>\n\n\n\n<h3 class=\"wp-block-heading\">3. <strong>Act\u00faa con \u00c9tica y Profesionalismo<\/strong><\/h3>\n\n\n\n<p class=\"has-ast-global-color-8-color has-text-color has-link-color wp-elements-9 wp-block-paragraph\">El trato transparente, el cumplimiento legal y el compromiso \u00e9tico son valores que generan confianza duradera. Asociarte a organismos como AMPI garantiza respaldo, actualizaci\u00f3n constante y credibilidad ante inversionistas nacionales e internacionales.<\/p>\n\n\n\n<p class=\"has-ast-global-color-8-color has-text-color has-link-color wp-elements-10 wp-block-paragraph\">\u2714\ufe0f <em>Certificaci\u00f3n y membres\u00eda profesional<\/em><\/p>\n\n\n\n<p class=\"has-ast-global-color-8-color has-text-color has-link-color wp-elements-11 wp-block-paragraph\">\ud83d\udd12 <em>Seguridad jur\u00eddica para tus clientes<\/em><\/p>\n\n\n\n<hr class=\"wp-block-separator has-alpha-channel-opacity\"\/>\n\n\n\n<h3 class=\"wp-block-heading\">4. <strong>Utiliza Tecnolog\u00eda de Forma Inteligente<\/strong><\/h3>\n\n\n\n<p class=\"has-ast-global-color-8-color has-text-color has-link-color wp-elements-12 wp-block-paragraph\">El uso de CRM, recorridos virtuales, drones, redes sociales y automatizaci\u00f3n puede marcar una gran diferencia. La tecnolog\u00eda no sustituye al agente, pero s\u00ed potencia su alcance, productividad y presentaci\u00f3n profesional.<\/p>\n\n\n\n<p class=\"has-ast-global-color-8-color has-text-color has-link-color wp-elements-13 wp-block-paragraph\">\ud83d\udcf8 <em>Contenido visual de alta calidad<\/em><\/p>\n\n\n\n<p class=\"has-ast-global-color-8-color has-text-color has-link-color wp-elements-14 wp-block-paragraph\">\ud83d\udcc8 <em>Gesti\u00f3n de clientes con herramientas digitales<\/em><\/p>\n\n\n\n<hr class=\"wp-block-separator has-alpha-channel-opacity\"\/>\n\n\n\n<h3 class=\"wp-block-heading\">5. <strong>Capac\u00edtate Constantemente<\/strong><\/h3>\n\n\n\n<p class=\"has-ast-global-color-8-color has-text-color has-link-color wp-elements-15 wp-block-paragraph\">El mercado cambia, las leyes se actualizan y las expectativas de los clientes evolucionan. Invertir en tu formaci\u00f3n te mantiene competitivo y preparado para ofrecer asesor\u00eda integral y actualizada.<\/p>\n\n\n\n<p class=\"has-ast-global-color-8-color has-text-color has-link-color wp-elements-16 wp-block-paragraph\">\ud83c\udf93 <em>Cursos, talleres y certificaciones<\/em><\/p>\n\n\n\n<p class=\"has-ast-global-color-8-color has-text-color has-link-color wp-elements-17 wp-block-paragraph\">\ud83d\udcda <em>Actualizaci\u00f3n en normativas y tendencias<\/em><\/p>\n\n\n\n<hr class=\"wp-block-separator has-alpha-channel-opacity\"\/>\n\n\n<div class=\"wp-block-image\">\n<figure class=\"aligncenter size-large is-resized\"><img loading=\"lazy\" decoding=\"async\" width=\"1024\" height=\"684\" src=\"https:\/\/ampirivieranayarit.com\/blog\/wp-content\/uploads\/2025\/06\/Imagen-2-blog-interno-2-1024x684.jpg\" alt=\"\" class=\"wp-image-116\" style=\"width:494px;height:auto\" srcset=\"https:\/\/ampirivieranayarit.com\/blog\/wp-content\/uploads\/2025\/06\/Imagen-2-blog-interno-2-1024x684.jpg 1024w, https:\/\/ampirivieranayarit.com\/blog\/wp-content\/uploads\/2025\/06\/Imagen-2-blog-interno-2-300x200.jpg 300w, https:\/\/ampirivieranayarit.com\/blog\/wp-content\/uploads\/2025\/06\/Imagen-2-blog-interno-2-768x513.jpg 768w, https:\/\/ampirivieranayarit.com\/blog\/wp-content\/uploads\/2025\/06\/Imagen-2-blog-interno-2-1536x1025.jpg 1536w, https:\/\/ampirivieranayarit.com\/blog\/wp-content\/uploads\/2025\/06\/Imagen-2-blog-interno-2-2048x1367.jpg 2048w\" sizes=\"auto, (max-width: 1024px) 100vw, 1024px\" \/><\/figure>\n<\/div>\n\n\n<h2 class=\"wp-block-heading\">\ud83e\udd1d AMPI Nayarit, tu respaldo profesional<\/h2>\n\n\n\n<p class=\"has-ast-global-color-8-color has-text-color has-link-color wp-elements-18 wp-block-paragraph\">Ser parte de AMPI Nayarit te permite acceder a una red de expertos, eventos de capacitaci\u00f3n, plataformas de promoci\u00f3n y asesor\u00eda jur\u00eddica. Si buscas crecer como agente inmobiliario en la Riviera Nayarit, este es tu lugar.<\/p>\n","protected":false},"excerpt":{"rendered":"<p>La Riviera Nayarit es uno de los destinos tur\u00edsticos y residenciales m\u00e1s codiciados de M\u00e9xico. Su dinamismo inmobiliario exige agentes profesionales, capacitados y con una propuesta de valor clara. En un mercado cada vez m\u00e1s competitivo, diferenciarte no solo es una ventaja, sino una necesidad. Aqu\u00ed te compartimos las claves para destacar como agente inmobiliario [&hellip;]<\/p>\n","protected":false},"author":2,"featured_media":118,"comment_status":"open","ping_status":"open","sticky":false,"template":"","format":"standard","meta":{"_yoast_wpseo_focuskw":"","_yoast_wpseo_title":"","_yoast_wpseo_metadesc":"","_yoast_wpseo_canonical":"","rank_math_description":"","rank_math_focus_keyword":"","rank_math_title":"","rank_math_canonical_url":"","autoblog_faq_schema":"","footnotes":""},"categories":[6],"tags":[],"class_list":["post-114","post","type-post","status-publish","format-standard","has-post-thumbnail","hentry","category-profesionalizacion-inmobiliaria"],"yoast_head":"<!-- This site is optimized with the Yoast SEO plugin v27.5 - https:\/\/yoast.com\/product\/yoast-seo-wordpress\/ -->\n<title>\ud83c\udfe1 C\u00f3mo Destacarte como Agente Inmobiliario en la Riviera Nayarit - AMPI RIVIERA NAYARIT<\/title>\n<meta name=\"robots\" content=\"index, follow, max-snippet:-1, max-image-preview:large, max-video-preview:-1\" \/>\n<link rel=\"canonical\" href=\"https:\/\/ampirivieranayarit.com\/blog\/2025\/06\/20\/\ud83c\udfe1-como-destacarte-como-agente-inmobiliario-en-la-riviera-nayarit\/\" \/>\n<meta property=\"og:locale\" content=\"es_MX\" \/>\n<meta property=\"og:type\" content=\"article\" \/>\n<meta property=\"og:title\" content=\"\ud83c\udfe1 C\u00f3mo Destacarte como Agente Inmobiliario en la Riviera Nayarit - AMPI RIVIERA NAYARIT\" \/>\n<meta property=\"og:description\" content=\"La Riviera Nayarit es uno de los destinos tur\u00edsticos y residenciales m\u00e1s codiciados de M\u00e9xico. Su dinamismo inmobiliario exige agentes profesionales, capacitados y con una propuesta de valor clara. En un mercado cada vez m\u00e1s competitivo, diferenciarte no solo es una ventaja, sino una necesidad. Aqu\u00ed te compartimos las claves para destacar como agente inmobiliario [&hellip;]\" \/>\n<meta property=\"og:url\" content=\"https:\/\/ampirivieranayarit.com\/blog\/2025\/06\/20\/\ud83c\udfe1-como-destacarte-como-agente-inmobiliario-en-la-riviera-nayarit\/\" \/>\n<meta property=\"og:site_name\" content=\"AMPI RIVIERA NAYARIT\" \/>\n<meta property=\"article:published_time\" content=\"2025-06-20T17:35:19+00:00\" \/>\n<meta property=\"article:modified_time\" content=\"2025-07-04T18:42:01+00:00\" \/>\n<meta property=\"og:image\" content=\"https:\/\/ampirivieranayarit.com\/blog\/wp-content\/uploads\/2025\/06\/Imagen-destacada-blog-interno-2-scaled.jpg\" \/>\n\t<meta property=\"og:image:width\" content=\"2560\" \/>\n\t<meta property=\"og:image:height\" content=\"1920\" \/>\n\t<meta property=\"og:image:type\" content=\"image\/jpeg\" \/>\n<meta name=\"author\" content=\"ampirn\" \/>\n<meta name=\"twitter:card\" content=\"summary_large_image\" \/>\n<meta name=\"twitter:label1\" content=\"Escrito por\" \/>\n\t<meta name=\"twitter:data1\" content=\"ampirn\" \/>\n\t<meta name=\"twitter:label2\" content=\"Tiempo de lectura\" \/>\n\t<meta name=\"twitter:data2\" content=\"2 minutos\" \/>\n<script type=\"application\/ld+json\" class=\"yoast-schema-graph\">{\"@context\":\"https:\\\/\\\/schema.org\",\"@graph\":[{\"@type\":\"Article\",\"@id\":\"https:\\\/\\\/ampirivieranayarit.com\\\/blog\\\/2025\\\/06\\\/20\\\/%f0%9f%8f%a1-como-destacarte-como-agente-inmobiliario-en-la-riviera-nayarit\\\/#article\",\"isPartOf\":{\"@id\":\"https:\\\/\\\/ampirivieranayarit.com\\\/blog\\\/2025\\\/06\\\/20\\\/%f0%9f%8f%a1-como-destacarte-como-agente-inmobiliario-en-la-riviera-nayarit\\\/\"},\"author\":{\"name\":\"ampirn\",\"@id\":\"https:\\\/\\\/ampirivieranayarit.com\\\/blog\\\/#\\\/schema\\\/person\\\/0e5446f8d30ed198291db2cfc2f5dc99\"},\"headline\":\"\ud83c\udfe1 C\u00f3mo Destacarte como Agente Inmobiliario en la Riviera Nayarit\",\"datePublished\":\"2025-06-20T17:35:19+00:00\",\"dateModified\":\"2025-07-04T18:42:01+00:00\",\"mainEntityOfPage\":{\"@id\":\"https:\\\/\\\/ampirivieranayarit.com\\\/blog\\\/2025\\\/06\\\/20\\\/%f0%9f%8f%a1-como-destacarte-como-agente-inmobiliario-en-la-riviera-nayarit\\\/\"},\"wordCount\":389,\"commentCount\":0,\"publisher\":{\"@id\":\"https:\\\/\\\/ampirivieranayarit.com\\\/blog\\\/#organization\"},\"image\":{\"@id\":\"https:\\\/\\\/ampirivieranayarit.com\\\/blog\\\/2025\\\/06\\\/20\\\/%f0%9f%8f%a1-como-destacarte-como-agente-inmobiliario-en-la-riviera-nayarit\\\/#primaryimage\"},\"thumbnailUrl\":\"https:\\\/\\\/ampirivieranayarit.com\\\/blog\\\/wp-content\\\/uploads\\\/2025\\\/06\\\/Imagen-destacada-blog-interno-2-scaled.jpg\",\"articleSection\":[\"Profesionalizaci\u00f3n Inmobiliaria\"],\"inLanguage\":\"es\",\"potentialAction\":[{\"@type\":\"CommentAction\",\"name\":\"Comment\",\"target\":[\"https:\\\/\\\/ampirivieranayarit.com\\\/blog\\\/2025\\\/06\\\/20\\\/%f0%9f%8f%a1-como-destacarte-como-agente-inmobiliario-en-la-riviera-nayarit\\\/#respond\"]}]},{\"@type\":\"WebPage\",\"@id\":\"https:\\\/\\\/ampirivieranayarit.com\\\/blog\\\/2025\\\/06\\\/20\\\/%f0%9f%8f%a1-como-destacarte-como-agente-inmobiliario-en-la-riviera-nayarit\\\/\",\"url\":\"https:\\\/\\\/ampirivieranayarit.com\\\/blog\\\/2025\\\/06\\\/20\\\/%f0%9f%8f%a1-como-destacarte-como-agente-inmobiliario-en-la-riviera-nayarit\\\/\",\"name\":\"\ud83c\udfe1 C\u00f3mo Destacarte como Agente Inmobiliario en la Riviera Nayarit - AMPI RIVIERA NAYARIT\",\"isPartOf\":{\"@id\":\"https:\\\/\\\/ampirivieranayarit.com\\\/blog\\\/#website\"},\"primaryImageOfPage\":{\"@id\":\"https:\\\/\\\/ampirivieranayarit.com\\\/blog\\\/2025\\\/06\\\/20\\\/%f0%9f%8f%a1-como-destacarte-como-agente-inmobiliario-en-la-riviera-nayarit\\\/#primaryimage\"},\"image\":{\"@id\":\"https:\\\/\\\/ampirivieranayarit.com\\\/blog\\\/2025\\\/06\\\/20\\\/%f0%9f%8f%a1-como-destacarte-como-agente-inmobiliario-en-la-riviera-nayarit\\\/#primaryimage\"},\"thumbnailUrl\":\"https:\\\/\\\/ampirivieranayarit.com\\\/blog\\\/wp-content\\\/uploads\\\/2025\\\/06\\\/Imagen-destacada-blog-interno-2-scaled.jpg\",\"datePublished\":\"2025-06-20T17:35:19+00:00\",\"dateModified\":\"2025-07-04T18:42:01+00:00\",\"breadcrumb\":{\"@id\":\"https:\\\/\\\/ampirivieranayarit.com\\\/blog\\\/2025\\\/06\\\/20\\\/%f0%9f%8f%a1-como-destacarte-como-agente-inmobiliario-en-la-riviera-nayarit\\\/#breadcrumb\"},\"inLanguage\":\"es\",\"potentialAction\":[{\"@type\":\"ReadAction\",\"target\":[\"https:\\\/\\\/ampirivieranayarit.com\\\/blog\\\/2025\\\/06\\\/20\\\/%f0%9f%8f%a1-como-destacarte-como-agente-inmobiliario-en-la-riviera-nayarit\\\/\"]}]},{\"@type\":\"ImageObject\",\"inLanguage\":\"es\",\"@id\":\"https:\\\/\\\/ampirivieranayarit.com\\\/blog\\\/2025\\\/06\\\/20\\\/%f0%9f%8f%a1-como-destacarte-como-agente-inmobiliario-en-la-riviera-nayarit\\\/#primaryimage\",\"url\":\"https:\\\/\\\/ampirivieranayarit.com\\\/blog\\\/wp-content\\\/uploads\\\/2025\\\/06\\\/Imagen-destacada-blog-interno-2-scaled.jpg\",\"contentUrl\":\"https:\\\/\\\/ampirivieranayarit.com\\\/blog\\\/wp-content\\\/uploads\\\/2025\\\/06\\\/Imagen-destacada-blog-interno-2-scaled.jpg\",\"width\":2560,\"height\":1920},{\"@type\":\"BreadcrumbList\",\"@id\":\"https:\\\/\\\/ampirivieranayarit.com\\\/blog\\\/2025\\\/06\\\/20\\\/%f0%9f%8f%a1-como-destacarte-como-agente-inmobiliario-en-la-riviera-nayarit\\\/#breadcrumb\",\"itemListElement\":[{\"@type\":\"ListItem\",\"position\":1,\"name\":\"Inicio\",\"item\":\"https:\\\/\\\/ampirivieranayarit.com\\\/blog\\\/\"},{\"@type\":\"ListItem\",\"position\":2,\"name\":\"\ud83c\udfe1 C\u00f3mo Destacarte como Agente Inmobiliario en la Riviera Nayarit\"}]},{\"@type\":\"WebSite\",\"@id\":\"https:\\\/\\\/ampirivieranayarit.com\\\/blog\\\/#website\",\"url\":\"https:\\\/\\\/ampirivieranayarit.com\\\/blog\\\/\",\"name\":\"AMPI RIVIERA NAYARIT\",\"description\":\"Blog de AMPI Riviera Nayarit\",\"publisher\":{\"@id\":\"https:\\\/\\\/ampirivieranayarit.com\\\/blog\\\/#organization\"},\"potentialAction\":[{\"@type\":\"SearchAction\",\"target\":{\"@type\":\"EntryPoint\",\"urlTemplate\":\"https:\\\/\\\/ampirivieranayarit.com\\\/blog\\\/?s={search_term_string}\"},\"query-input\":{\"@type\":\"PropertyValueSpecification\",\"valueRequired\":true,\"valueName\":\"search_term_string\"}}],\"inLanguage\":\"es\"},{\"@type\":\"Organization\",\"@id\":\"https:\\\/\\\/ampirivieranayarit.com\\\/blog\\\/#organization\",\"name\":\"AMPI RIVIERA NAYARIT\",\"url\":\"https:\\\/\\\/ampirivieranayarit.com\\\/blog\\\/\",\"logo\":{\"@type\":\"ImageObject\",\"inLanguage\":\"es\",\"@id\":\"https:\\\/\\\/ampirivieranayarit.com\\\/blog\\\/#\\\/schema\\\/logo\\\/image\\\/\",\"url\":\"https:\\\/\\\/ampirivieranayarit.com\\\/blog\\\/wp-content\\\/uploads\\\/2025\\\/05\\\/cropped-logoverde-1.png\",\"contentUrl\":\"https:\\\/\\\/ampirivieranayarit.com\\\/blog\\\/wp-content\\\/uploads\\\/2025\\\/05\\\/cropped-logoverde-1.png\",\"width\":499,\"height\":167,\"caption\":\"AMPI RIVIERA NAYARIT\"},\"image\":{\"@id\":\"https:\\\/\\\/ampirivieranayarit.com\\\/blog\\\/#\\\/schema\\\/logo\\\/image\\\/\"}},{\"@type\":\"Person\",\"@id\":\"https:\\\/\\\/ampirivieranayarit.com\\\/blog\\\/#\\\/schema\\\/person\\\/0e5446f8d30ed198291db2cfc2f5dc99\",\"name\":\"ampirn\",\"image\":{\"@type\":\"ImageObject\",\"inLanguage\":\"es\",\"@id\":\"https:\\\/\\\/secure.gravatar.com\\\/avatar\\\/97b5e08b3baf5412fd3d064f9713b27f0b5a3002d5ec01f5604ef52f85d009d8?s=96&d=mm&r=g\",\"url\":\"https:\\\/\\\/secure.gravatar.com\\\/avatar\\\/97b5e08b3baf5412fd3d064f9713b27f0b5a3002d5ec01f5604ef52f85d009d8?s=96&d=mm&r=g\",\"contentUrl\":\"https:\\\/\\\/secure.gravatar.com\\\/avatar\\\/97b5e08b3baf5412fd3d064f9713b27f0b5a3002d5ec01f5604ef52f85d009d8?s=96&d=mm&r=g\",\"caption\":\"ampirn\"},\"url\":\"https:\\\/\\\/ampirivieranayarit.com\\\/blog\\\/author\\\/ampirn\\\/\"}]}<\/script>\n<!-- \/ Yoast SEO plugin. -->","yoast_head_json":{"title":"\ud83c\udfe1 C\u00f3mo Destacarte como Agente Inmobiliario en la Riviera Nayarit - AMPI RIVIERA NAYARIT","robots":{"index":"index","follow":"follow","max-snippet":"max-snippet:-1","max-image-preview":"max-image-preview:large","max-video-preview":"max-video-preview:-1"},"canonical":"https:\/\/ampirivieranayarit.com\/blog\/2025\/06\/20\/\ud83c\udfe1-como-destacarte-como-agente-inmobiliario-en-la-riviera-nayarit\/","og_locale":"es_MX","og_type":"article","og_title":"\ud83c\udfe1 C\u00f3mo Destacarte como Agente Inmobiliario en la Riviera Nayarit - AMPI RIVIERA NAYARIT","og_description":"La Riviera Nayarit es uno de los destinos tur\u00edsticos y residenciales m\u00e1s codiciados de M\u00e9xico. Su dinamismo inmobiliario exige agentes profesionales, capacitados y con una propuesta de valor clara. En un mercado cada vez m\u00e1s competitivo, diferenciarte no solo es una ventaja, sino una necesidad. Aqu\u00ed te compartimos las claves para destacar como agente inmobiliario [&hellip;]","og_url":"https:\/\/ampirivieranayarit.com\/blog\/2025\/06\/20\/\ud83c\udfe1-como-destacarte-como-agente-inmobiliario-en-la-riviera-nayarit\/","og_site_name":"AMPI RIVIERA NAYARIT","article_published_time":"2025-06-20T17:35:19+00:00","article_modified_time":"2025-07-04T18:42:01+00:00","og_image":[{"width":2560,"height":1920,"url":"https:\/\/ampirivieranayarit.com\/blog\/wp-content\/uploads\/2025\/06\/Imagen-destacada-blog-interno-2-scaled.jpg","type":"image\/jpeg"}],"author":"ampirn","twitter_card":"summary_large_image","twitter_misc":{"Escrito por":"ampirn","Tiempo de lectura":"2 minutos"},"schema":{"@context":"https:\/\/schema.org","@graph":[{"@type":"Article","@id":"https:\/\/ampirivieranayarit.com\/blog\/2025\/06\/20\/%f0%9f%8f%a1-como-destacarte-como-agente-inmobiliario-en-la-riviera-nayarit\/#article","isPartOf":{"@id":"https:\/\/ampirivieranayarit.com\/blog\/2025\/06\/20\/%f0%9f%8f%a1-como-destacarte-como-agente-inmobiliario-en-la-riviera-nayarit\/"},"author":{"name":"ampirn","@id":"https:\/\/ampirivieranayarit.com\/blog\/#\/schema\/person\/0e5446f8d30ed198291db2cfc2f5dc99"},"headline":"\ud83c\udfe1 C\u00f3mo Destacarte como Agente Inmobiliario en la Riviera Nayarit","datePublished":"2025-06-20T17:35:19+00:00","dateModified":"2025-07-04T18:42:01+00:00","mainEntityOfPage":{"@id":"https:\/\/ampirivieranayarit.com\/blog\/2025\/06\/20\/%f0%9f%8f%a1-como-destacarte-como-agente-inmobiliario-en-la-riviera-nayarit\/"},"wordCount":389,"commentCount":0,"publisher":{"@id":"https:\/\/ampirivieranayarit.com\/blog\/#organization"},"image":{"@id":"https:\/\/ampirivieranayarit.com\/blog\/2025\/06\/20\/%f0%9f%8f%a1-como-destacarte-como-agente-inmobiliario-en-la-riviera-nayarit\/#primaryimage"},"thumbnailUrl":"https:\/\/ampirivieranayarit.com\/blog\/wp-content\/uploads\/2025\/06\/Imagen-destacada-blog-interno-2-scaled.jpg","articleSection":["Profesionalizaci\u00f3n Inmobiliaria"],"inLanguage":"es","potentialAction":[{"@type":"CommentAction","name":"Comment","target":["https:\/\/ampirivieranayarit.com\/blog\/2025\/06\/20\/%f0%9f%8f%a1-como-destacarte-como-agente-inmobiliario-en-la-riviera-nayarit\/#respond"]}]},{"@type":"WebPage","@id":"https:\/\/ampirivieranayarit.com\/blog\/2025\/06\/20\/%f0%9f%8f%a1-como-destacarte-como-agente-inmobiliario-en-la-riviera-nayarit\/","url":"https:\/\/ampirivieranayarit.com\/blog\/2025\/06\/20\/%f0%9f%8f%a1-como-destacarte-como-agente-inmobiliario-en-la-riviera-nayarit\/","name":"\ud83c\udfe1 C\u00f3mo Destacarte como Agente Inmobiliario en la Riviera Nayarit - AMPI RIVIERA NAYARIT","isPartOf":{"@id":"https:\/\/ampirivieranayarit.com\/blog\/#website"},"primaryImageOfPage":{"@id":"https:\/\/ampirivieranayarit.com\/blog\/2025\/06\/20\/%f0%9f%8f%a1-como-destacarte-como-agente-inmobiliario-en-la-riviera-nayarit\/#primaryimage"},"image":{"@id":"https:\/\/ampirivieranayarit.com\/blog\/2025\/06\/20\/%f0%9f%8f%a1-como-destacarte-como-agente-inmobiliario-en-la-riviera-nayarit\/#primaryimage"},"thumbnailUrl":"https:\/\/ampirivieranayarit.com\/blog\/wp-content\/uploads\/2025\/06\/Imagen-destacada-blog-interno-2-scaled.jpg","datePublished":"2025-06-20T17:35:19+00:00","dateModified":"2025-07-04T18:42:01+00:00","breadcrumb":{"@id":"https:\/\/ampirivieranayarit.com\/blog\/2025\/06\/20\/%f0%9f%8f%a1-como-destacarte-como-agente-inmobiliario-en-la-riviera-nayarit\/#breadcrumb"},"inLanguage":"es","potentialAction":[{"@type":"ReadAction","target":["https:\/\/ampirivieranayarit.com\/blog\/2025\/06\/20\/%f0%9f%8f%a1-como-destacarte-como-agente-inmobiliario-en-la-riviera-nayarit\/"]}]},{"@type":"ImageObject","inLanguage":"es","@id":"https:\/\/ampirivieranayarit.com\/blog\/2025\/06\/20\/%f0%9f%8f%a1-como-destacarte-como-agente-inmobiliario-en-la-riviera-nayarit\/#primaryimage","url":"https:\/\/ampirivieranayarit.com\/blog\/wp-content\/uploads\/2025\/06\/Imagen-destacada-blog-interno-2-scaled.jpg","contentUrl":"https:\/\/ampirivieranayarit.com\/blog\/wp-content\/uploads\/2025\/06\/Imagen-destacada-blog-interno-2-scaled.jpg","width":2560,"height":1920},{"@type":"BreadcrumbList","@id":"https:\/\/ampirivieranayarit.com\/blog\/2025\/06\/20\/%f0%9f%8f%a1-como-destacarte-como-agente-inmobiliario-en-la-riviera-nayarit\/#breadcrumb","itemListElement":[{"@type":"ListItem","position":1,"name":"Inicio","item":"https:\/\/ampirivieranayarit.com\/blog\/"},{"@type":"ListItem","position":2,"name":"\ud83c\udfe1 C\u00f3mo Destacarte como Agente Inmobiliario en la Riviera Nayarit"}]},{"@type":"WebSite","@id":"https:\/\/ampirivieranayarit.com\/blog\/#website","url":"https:\/\/ampirivieranayarit.com\/blog\/","name":"AMPI RIVIERA NAYARIT","description":"Blog de AMPI Riviera Nayarit","publisher":{"@id":"https:\/\/ampirivieranayarit.com\/blog\/#organization"},"potentialAction":[{"@type":"SearchAction","target":{"@type":"EntryPoint","urlTemplate":"https:\/\/ampirivieranayarit.com\/blog\/?s={search_term_string}"},"query-input":{"@type":"PropertyValueSpecification","valueRequired":true,"valueName":"search_term_string"}}],"inLanguage":"es"},{"@type":"Organization","@id":"https:\/\/ampirivieranayarit.com\/blog\/#organization","name":"AMPI RIVIERA NAYARIT","url":"https:\/\/ampirivieranayarit.com\/blog\/","logo":{"@type":"ImageObject","inLanguage":"es","@id":"https:\/\/ampirivieranayarit.com\/blog\/#\/schema\/logo\/image\/","url":"https:\/\/ampirivieranayarit.com\/blog\/wp-content\/uploads\/2025\/05\/cropped-logoverde-1.png","contentUrl":"https:\/\/ampirivieranayarit.com\/blog\/wp-content\/uploads\/2025\/05\/cropped-logoverde-1.png","width":499,"height":167,"caption":"AMPI RIVIERA NAYARIT"},"image":{"@id":"https:\/\/ampirivieranayarit.com\/blog\/#\/schema\/logo\/image\/"}},{"@type":"Person","@id":"https:\/\/ampirivieranayarit.com\/blog\/#\/schema\/person\/0e5446f8d30ed198291db2cfc2f5dc99","name":"ampirn","image":{"@type":"ImageObject","inLanguage":"es","@id":"https:\/\/secure.gravatar.com\/avatar\/97b5e08b3baf5412fd3d064f9713b27f0b5a3002d5ec01f5604ef52f85d009d8?s=96&d=mm&r=g","url":"https:\/\/secure.gravatar.com\/avatar\/97b5e08b3baf5412fd3d064f9713b27f0b5a3002d5ec01f5604ef52f85d009d8?s=96&d=mm&r=g","contentUrl":"https:\/\/secure.gravatar.com\/avatar\/97b5e08b3baf5412fd3d064f9713b27f0b5a3002d5ec01f5604ef52f85d009d8?s=96&d=mm&r=g","caption":"ampirn"},"url":"https:\/\/ampirivieranayarit.com\/blog\/author\/ampirn\/"}]}},"_links":{"self":[{"href":"https:\/\/ampirivieranayarit.com\/blog\/wp-json\/wp\/v2\/posts\/114","targetHints":{"allow":["GET"]}}],"collection":[{"href":"https:\/\/ampirivieranayarit.com\/blog\/wp-json\/wp\/v2\/posts"}],"about":[{"href":"https:\/\/ampirivieranayarit.com\/blog\/wp-json\/wp\/v2\/types\/post"}],"author":[{"embeddable":true,"href":"https:\/\/ampirivieranayarit.com\/blog\/wp-json\/wp\/v2\/users\/2"}],"replies":[{"embeddable":true,"href":"https:\/\/ampirivieranayarit.com\/blog\/wp-json\/wp\/v2\/comments?post=114"}],"version-history":[{"count":3,"href":"https:\/\/ampirivieranayarit.com\/blog\/wp-json\/wp\/v2\/posts\/114\/revisions"}],"predecessor-version":[{"id":176,"href":"https:\/\/ampirivieranayarit.com\/blog\/wp-json\/wp\/v2\/posts\/114\/revisions\/176"}],"wp:featuredmedia":[{"embeddable":true,"href":"https:\/\/ampirivieranayarit.com\/blog\/wp-json\/wp\/v2\/media\/118"}],"wp:attachment":[{"href":"https:\/\/ampirivieranayarit.com\/blog\/wp-json\/wp\/v2\/media?parent=114"}],"wp:term":[{"taxonomy":"category","embeddable":true,"href":"https:\/\/ampirivieranayarit.com\/blog\/wp-json\/wp\/v2\/categories?post=114"},{"taxonomy":"post_tag","embeddable":true,"href":"https:\/\/ampirivieranayarit.com\/blog\/wp-json\/wp\/v2\/tags?post=114"}],"curies":[{"name":"wp","href":"https:\/\/api.w.org\/{rel}","templated":true}]}}