{"id":127,"date":"2025-06-27T16:36:25","date_gmt":"2025-06-27T16:36:25","guid":{"rendered":"https:\/\/ampirivieranayarit.com\/blog\/?p=127"},"modified":"2026-02-20T23:07:27","modified_gmt":"2026-02-20T23:07:27","slug":"tercera-junta-bimestral-2025-ampi-riviera-nayarit","status":"publish","type":"post","link":"https:\/\/ampirivieranayarit.com\/blog\/2025\/06\/27\/tercera-junta-bimestral-2025-ampi-riviera-nayarit\/","title":{"rendered":"Encuentro estrat\u00e9gico: AMPI Riviera Nayarit fortalece v\u00ednculos en su Tercera Junta Bimestral 2025 \ud83e\udd1d"},"content":{"rendered":"\n<hr class=\"wp-block-separator has-alpha-channel-opacity\"\/>\n\n\n\n<h2 class=\"wp-block-heading\">\ud83c\udfd8\ufe0f Un espacio de di\u00e1logo y visi\u00f3n compartida para el sector inmobiliario<\/h2>\n\n\n\n<p class=\"has-ast-global-color-8-color has-text-color has-link-color wp-elements-1 wp-block-paragraph\">El pasado mes de junio, AMPI Riviera Nayarit celebr\u00f3 con \u00e9xito su <strong>Tercera Junta Bimestral 2025<\/strong>, un evento clave para fortalecer la comunidad inmobiliaria de la regi\u00f3n. La jornada se llev\u00f3 a cabo en las instalaciones del <strong>Hotel Escuela Gran Nayar<\/strong>, espec\u00edficamente en el Sal\u00f3n Haramara, un recinto con vocaci\u00f3n formativa que resalta por su compromiso con la educaci\u00f3n y el desarrollo local.<\/p>\n\n\n\n<p class=\"has-ast-global-color-8-color has-text-color has-link-color wp-elements-2 wp-block-paragraph\">Esta reuni\u00f3n bimestral fue una oportunidad para que nuestros <strong>afiliados y asociados<\/strong> intercambiaran ideas, conocieran avances estrat\u00e9gicos, y se actualizaran en normativas clave que impactan la pr\u00e1ctica profesional del sector <strong>real estate<\/strong> en M\u00e9xico.<\/p>\n\n\n\n<hr class=\"wp-block-separator has-alpha-channel-opacity\"\/>\n\n\n\n<h2 class=\"wp-block-heading\">\ud83d\udce3 Un programa orientado al fortalecimiento profesional de nuestros agentes<\/h2>\n\n\n\n<p class=\"has-ast-global-color-8-color has-text-color has-link-color wp-elements-3 wp-block-paragraph\">El evento reuni\u00f3 a m\u00e1s de 80 asistentes en un ambiente profesional, participativo y colaborativo. La agenda incluy\u00f3 temas de gran relevancia para quienes ejercen en un entorno tan din\u00e1mico como lo es la <strong>Riviera Nayarit<\/strong>, una regi\u00f3n que contin\u00faa posicion\u00e1ndose como uno de los destinos inmobiliarios m\u00e1s atractivos de M\u00e9xico.<\/p>\n\n\n\n<figure class=\"wp-block-image size-large\"><img loading=\"lazy\" decoding=\"async\" width=\"1024\" height=\"599\" src=\"https:\/\/ampirivieranayarit.com\/blog\/wp-content\/uploads\/2025\/06\/Imagen-3-blog-interno-2-AMPI-RN-1024x599.jpg\" alt=\"\" class=\"wp-image-128\" srcset=\"https:\/\/ampirivieranayarit.com\/blog\/wp-content\/uploads\/2025\/06\/Imagen-3-blog-interno-2-AMPI-RN-1024x599.jpg 1024w, https:\/\/ampirivieranayarit.com\/blog\/wp-content\/uploads\/2025\/06\/Imagen-3-blog-interno-2-AMPI-RN-300x175.jpg 300w, https:\/\/ampirivieranayarit.com\/blog\/wp-content\/uploads\/2025\/06\/Imagen-3-blog-interno-2-AMPI-RN-768x449.jpg 768w, https:\/\/ampirivieranayarit.com\/blog\/wp-content\/uploads\/2025\/06\/Imagen-3-blog-interno-2-AMPI-RN-1536x898.jpg 1536w, https:\/\/ampirivieranayarit.com\/blog\/wp-content\/uploads\/2025\/06\/Imagen-3-blog-interno-2-AMPI-RN-2048x1198.jpg 2048w\" sizes=\"auto, (max-width: 1024px) 100vw, 1024px\" \/><\/figure>\n\n\n\n<h3 class=\"wp-block-heading\">\ud83e\udde9 Actividades destacadas de la jornada:<\/h3>\n\n\n\n<ul class=\"wp-block-list\">\n<li class=\"has-ast-global-color-8-color has-text-color has-link-color wp-elements-4\"><strong>Actualizaci\u00f3n sobre el portal web de AMPI Riviera Nayarit<\/strong> Presentada por <strong>Dania Pe\u00f1afiel<\/strong>, se comparti\u00f3 el avance del nuevo sitio web oficial de la asociaci\u00f3n. Esta plataforma renovada busca ofrecer una experiencia m\u00e1s accesible, moderna y alineada a las necesidades de nuestros usuarios y afiliados, tanto para consulta de <strong>propiedades AMPI<\/strong> como para procesos de afiliaci\u00f3n, contacto y capacitaci\u00f3n.<\/li>\n\n\n\n<li class=\"has-ast-global-color-8-color has-text-color has-link-color wp-elements-5\"><strong>Conferencia sobre la NOM-247-SE-2021<\/strong> Impartida por el <strong>Lic. Christian Ra\u00fal Lim\u00f3n<\/strong>, Jefe del Departamento de Verificaci\u00f3n y Defensa de la Confianza en <strong>PROFECO<\/strong>, se abord\u00f3 la <strong>Norma Oficial Mexicana que regula pr\u00e1cticas comerciales y de informaci\u00f3n para servicios inmobiliarios<\/strong>. Esta actualizaci\u00f3n normativa representa una herramienta esencial para los agentes, al reforzar la transparencia, la protecci\u00f3n al consumidor y el marco \u00e9tico en la venta y renta de inmuebles.<\/li>\n<\/ul>\n\n\n\n<p class=\"has-ast-global-color-8-color has-text-color has-link-color wp-elements-6 wp-block-paragraph\">Ambos bloques generaron gran inter\u00e9s entre los presentes, no solo por su impacto inmediato en las operaciones diarias, sino tambi\u00e9n por el <strong>respaldo institucional y profesional que ofrece AMPI<\/strong> a sus afiliados.<\/p>\n\n\n\n<hr class=\"wp-block-separator has-alpha-channel-opacity\"\/>\n\n\n\n<h2 class=\"wp-block-heading\">\ud83e\udde0 Conocimiento, comunidad y cumplimiento: ejes del evento<\/h2>\n\n\n\n<figure class=\"wp-block-image size-large\"><img loading=\"lazy\" decoding=\"async\" width=\"1024\" height=\"762\" src=\"https:\/\/ampirivieranayarit.com\/blog\/wp-content\/uploads\/2025\/06\/Imagen-1-blog-interno-2-AMPI-RN-1024x762.jpg\" alt=\"\" class=\"wp-image-130\" srcset=\"https:\/\/ampirivieranayarit.com\/blog\/wp-content\/uploads\/2025\/06\/Imagen-1-blog-interno-2-AMPI-RN-1024x762.jpg 1024w, https:\/\/ampirivieranayarit.com\/blog\/wp-content\/uploads\/2025\/06\/Imagen-1-blog-interno-2-AMPI-RN-300x223.jpg 300w, https:\/\/ampirivieranayarit.com\/blog\/wp-content\/uploads\/2025\/06\/Imagen-1-blog-interno-2-AMPI-RN-768x571.jpg 768w, https:\/\/ampirivieranayarit.com\/blog\/wp-content\/uploads\/2025\/06\/Imagen-1-blog-interno-2-AMPI-RN-1536x1142.jpg 1536w, https:\/\/ampirivieranayarit.com\/blog\/wp-content\/uploads\/2025\/06\/Imagen-1-blog-interno-2-AMPI-RN-2048x1523.jpg 2048w\" sizes=\"auto, (max-width: 1024px) 100vw, 1024px\" \/><\/figure>\n\n\n\n<p class=\"has-ast-global-color-8-color has-text-color has-link-color wp-elements-7 wp-block-paragraph\">En un entorno como el de <strong>playa M\u00e9xico<\/strong>, donde la atracci\u00f3n de inversi\u00f3n y la movilidad inmobiliaria son constantes, contar con agentes bien informados, actualizados y capacitados <strong>es clave para ofrecer un servicio de excelencia<\/strong>.<\/p>\n\n\n\n<p class=\"has-ast-global-color-8-color has-text-color has-link-color wp-elements-8 wp-block-paragraph\">La Tercera Junta Bimestral reforz\u00f3 los tres pilares sobre los cuales AMPI Riviera Nayarit construye su propuesta de valor:<\/p>\n\n\n\n<h3 class=\"wp-block-heading\">\ud83d\udd0d 1. Profesionalizaci\u00f3n constante<\/h3>\n\n\n\n<p class=\"has-ast-global-color-8-color has-text-color has-link-color wp-elements-9 wp-block-paragraph\">A trav\u00e9s de capacitaciones, conferencias y herramientas digitales que fortalecen las habilidades de nuestros afiliados.<\/p>\n\n\n\n<h3 class=\"wp-block-heading\">\ud83e\udd1d 2. Comunidad activa y colaborativa<\/h3>\n\n\n\n<p class=\"has-ast-global-color-8-color has-text-color has-link-color wp-elements-10 wp-block-paragraph\">El evento sirvi\u00f3 como punto de encuentro para compartir experiencias, generar alianzas y mantener un di\u00e1logo abierto sobre los desaf\u00edos del sector.<\/p>\n\n\n\n<h3 class=\"wp-block-heading\">\u2696\ufe0f 3. Cumplimiento normativo<\/h3>\n\n\n\n<p class=\"has-ast-global-color-8-color has-text-color has-link-color wp-elements-11 wp-block-paragraph\">La incorporaci\u00f3n de voces expertas como la de <strong>PROFECO<\/strong> demuestra el compromiso de la asociaci\u00f3n con una <strong>pr\u00e1ctica inmobiliaria \u00e9tica, responsable y alineada a la ley<\/strong>.<\/p>\n\n\n\n<hr class=\"wp-block-separator has-alpha-channel-opacity\"\/>\n\n\n\n<h2 class=\"wp-block-heading\">\ud83d\udccd Riviera Nayarit: una regi\u00f3n que demanda preparaci\u00f3n y visi\u00f3n<\/h2>\n\n\n\n<p class=\"has-ast-global-color-8-color has-text-color has-link-color wp-elements-12 wp-block-paragraph\">La <strong>vida costera<\/strong> en destinos como <strong>Nayarit<\/strong> contin\u00faa atrayendo a inversionistas, desarrolladores y compradores de todo el pa\u00eds y del extranjero. Para atender esa demanda, el rol de agentes preparados y bien informados es m\u00e1s importante que nunca.<\/p>\n\n\n\n<p class=\"has-ast-global-color-8-color has-text-color has-link-color wp-elements-13 wp-block-paragraph\">Por eso, eventos como esta junta bimestral no son solo reuniones formales: son espacios de crecimiento estrat\u00e9gico para quienes desean <strong>liderar el mercado inmobiliario en zonas de alto valor como la Riviera Nayarit<\/strong>.<\/p>\n\n\n\n<p class=\"has-ast-global-color-8-color has-text-color has-link-color wp-elements-14 wp-block-paragraph\">En este contexto, <strong>pertenecer a AMPI<\/strong> no es solo un sello de afiliaci\u00f3n, sino una <strong>ventaja competitiva real<\/strong>.<\/p>\n\n\n\n<hr class=\"wp-block-separator has-alpha-channel-opacity\"\/>\n\n\n\n<h2 class=\"wp-block-heading\">\ud83d\udca1 \u00bfQu\u00e9 sigue para los afiliados AMPI?<\/h2>\n\n\n\n<p class=\"has-ast-global-color-8-color has-text-color has-link-color wp-elements-15 wp-block-paragraph\">Con la mirada puesta en el futuro, AMPI Riviera Nayarit continuar\u00e1 desarrollando iniciativas que <strong>promuevan el liderazgo, la digitalizaci\u00f3n y el cumplimiento profesional<\/strong>. Esta junta fue tambi\u00e9n una invitaci\u00f3n abierta para que todos los miembros sigan participando activamente en el desarrollo de una industria m\u00e1s s\u00f3lida y confiable.<\/p>\n\n\n\n<figure class=\"wp-block-image size-large\"><img loading=\"lazy\" decoding=\"async\" width=\"1024\" height=\"683\" src=\"https:\/\/ampirivieranayarit.com\/blog\/wp-content\/uploads\/2025\/06\/Imagen-2-blog-interno-2-AMPI-RN-1024x683.jpg\" alt=\"\" class=\"wp-image-131\" srcset=\"https:\/\/ampirivieranayarit.com\/blog\/wp-content\/uploads\/2025\/06\/Imagen-2-blog-interno-2-AMPI-RN-1024x683.jpg 1024w, https:\/\/ampirivieranayarit.com\/blog\/wp-content\/uploads\/2025\/06\/Imagen-2-blog-interno-2-AMPI-RN-300x200.jpg 300w, https:\/\/ampirivieranayarit.com\/blog\/wp-content\/uploads\/2025\/06\/Imagen-2-blog-interno-2-AMPI-RN-768x512.jpg 768w, https:\/\/ampirivieranayarit.com\/blog\/wp-content\/uploads\/2025\/06\/Imagen-2-blog-interno-2-AMPI-RN-1536x1024.jpg 1536w, https:\/\/ampirivieranayarit.com\/blog\/wp-content\/uploads\/2025\/06\/Imagen-2-blog-interno-2-AMPI-RN-2048x1366.jpg 2048w\" sizes=\"auto, (max-width: 1024px) 100vw, 1024px\" \/><\/figure>\n\n\n\n<p class=\"has-ast-global-color-8-color has-text-color has-link-color wp-elements-16 wp-block-paragraph\">La Tercera Junta Bimestral AMPI Riviera Nayarit fue un reflejo del compromiso constante por brindar valor real a nuestros afiliados. M\u00e1s all\u00e1 de ser un evento de calendario, fue un espacio donde la <strong>informaci\u00f3n, la comunidad y la legalidad se entrelazaron para fortalecer a los agentes<\/strong> que hacen del <strong>sector inmobiliario en la Riviera Nayarit<\/strong> una referencia nacional.<\/p>\n\n\n\n<p class=\"has-ast-global-color-8-color has-text-color has-link-color wp-elements-17 wp-block-paragraph\">Seguiremos promoviendo encuentros que inspiren, informen y conecten, porque <strong>la evoluci\u00f3n del sector comienza con quienes lo construyen cada d\u00eda<\/strong>.<\/p>\n","protected":false},"excerpt":{"rendered":"<p>\ud83c\udfd8\ufe0f Un espacio de di\u00e1logo y visi\u00f3n compartida para el sector inmobiliario El pasado mes de junio, AMPI Riviera Nayarit celebr\u00f3 con \u00e9xito su Tercera Junta Bimestral 2025, un evento clave para fortalecer la comunidad inmobiliaria de la regi\u00f3n. La jornada se llev\u00f3 a cabo en las instalaciones del Hotel Escuela Gran Nayar, espec\u00edficamente en [&hellip;]<\/p>\n","protected":false},"author":2,"featured_media":132,"comment_status":"open","ping_status":"open","sticky":false,"template":"","format":"standard","meta":{"_yoast_wpseo_focuskw":"AMPI Riviera Nayarit 2025","_yoast_wpseo_title":"3ra Junta Bimestral AMPI Riviera Nayarit 2025: Resultados","_yoast_wpseo_metadesc":"Revive los acuerdos de la Tercera Junta Bimestral 2025 de AMPI Riviera Nayarit. Alianzas estrat\u00e9gicas, nuevos socios y avances para el sector inmobiliario costero.","_yoast_wpseo_canonical":"","rank_math_description":"","rank_math_focus_keyword":"","rank_math_title":"","rank_math_canonical_url":"","autoblog_faq_schema":"","footnotes":""},"categories":[23],"tags":[],"class_list":["post-127","post","type-post","status-publish","format-standard","has-post-thumbnail","hentry","category-junta-bimestral-ampi"],"yoast_head":"<!-- This site is optimized with the Yoast SEO plugin v27.5 - https:\/\/yoast.com\/product\/yoast-seo-wordpress\/ -->\n<title>3ra Junta Bimestral AMPI Riviera Nayarit 2025: Resultados<\/title>\n<meta name=\"description\" content=\"Revive los acuerdos de la Tercera Junta Bimestral 2025 de AMPI Riviera Nayarit. Alianzas estrat\u00e9gicas, nuevos socios y avances para el sector inmobiliario costero.\" \/>\n<meta name=\"robots\" content=\"index, follow, max-snippet:-1, max-image-preview:large, max-video-preview:-1\" \/>\n<link rel=\"canonical\" href=\"https:\/\/ampirivieranayarit.com\/blog\/2025\/06\/27\/tercera-junta-bimestral-2025-ampi-riviera-nayarit\/\" \/>\n<meta property=\"og:locale\" content=\"es_MX\" \/>\n<meta property=\"og:type\" content=\"article\" \/>\n<meta property=\"og:title\" content=\"3ra Junta Bimestral AMPI Riviera Nayarit 2025: Resultados\" \/>\n<meta property=\"og:description\" content=\"Revive los acuerdos de la Tercera Junta Bimestral 2025 de AMPI Riviera Nayarit. Alianzas estrat\u00e9gicas, nuevos socios y avances para el sector inmobiliario costero.\" \/>\n<meta property=\"og:url\" content=\"https:\/\/ampirivieranayarit.com\/blog\/2025\/06\/27\/tercera-junta-bimestral-2025-ampi-riviera-nayarit\/\" \/>\n<meta property=\"og:site_name\" content=\"AMPI RIVIERA NAYARIT\" \/>\n<meta property=\"article:published_time\" content=\"2025-06-27T16:36:25+00:00\" \/>\n<meta property=\"article:modified_time\" content=\"2026-02-20T23:07:27+00:00\" \/>\n<meta property=\"og:image\" content=\"https:\/\/ampirivieranayarit.com\/blog\/wp-content\/uploads\/2025\/06\/Imagen-destacada-blog-interno-2-2-1024x637.jpg\" \/>\n\t<meta property=\"og:image:width\" content=\"1024\" \/>\n\t<meta property=\"og:image:height\" content=\"637\" \/>\n\t<meta property=\"og:image:type\" content=\"image\/jpeg\" \/>\n<meta name=\"author\" content=\"ampirn\" \/>\n<meta name=\"twitter:card\" content=\"summary_large_image\" \/>\n<meta name=\"twitter:label1\" content=\"Escrito por\" \/>\n\t<meta name=\"twitter:data1\" content=\"ampirn\" \/>\n\t<meta name=\"twitter:label2\" content=\"Tiempo de lectura\" \/>\n\t<meta name=\"twitter:data2\" content=\"5 minutos\" \/>\n<script type=\"application\/ld+json\" class=\"yoast-schema-graph\">{\"@context\":\"https:\\\/\\\/schema.org\",\"@graph\":[{\"@type\":\"Article\",\"@id\":\"https:\\\/\\\/ampirivieranayarit.com\\\/blog\\\/2025\\\/06\\\/27\\\/tercera-junta-bimestral-2025-ampi-riviera-nayarit\\\/#article\",\"isPartOf\":{\"@id\":\"https:\\\/\\\/ampirivieranayarit.com\\\/blog\\\/2025\\\/06\\\/27\\\/tercera-junta-bimestral-2025-ampi-riviera-nayarit\\\/\"},\"author\":{\"name\":\"ampirn\",\"@id\":\"https:\\\/\\\/ampirivieranayarit.com\\\/blog\\\/#\\\/schema\\\/person\\\/0e5446f8d30ed198291db2cfc2f5dc99\"},\"headline\":\"Encuentro estrat\u00e9gico: AMPI Riviera Nayarit fortalece v\u00ednculos en su Tercera Junta Bimestral 2025 \ud83e\udd1d\",\"datePublished\":\"2025-06-27T16:36:25+00:00\",\"dateModified\":\"2026-02-20T23:07:27+00:00\",\"mainEntityOfPage\":{\"@id\":\"https:\\\/\\\/ampirivieranayarit.com\\\/blog\\\/2025\\\/06\\\/27\\\/tercera-junta-bimestral-2025-ampi-riviera-nayarit\\\/\"},\"wordCount\":767,\"commentCount\":0,\"publisher\":{\"@id\":\"https:\\\/\\\/ampirivieranayarit.com\\\/blog\\\/#organization\"},\"image\":{\"@id\":\"https:\\\/\\\/ampirivieranayarit.com\\\/blog\\\/2025\\\/06\\\/27\\\/tercera-junta-bimestral-2025-ampi-riviera-nayarit\\\/#primaryimage\"},\"thumbnailUrl\":\"https:\\\/\\\/ampirivieranayarit.com\\\/blog\\\/wp-content\\\/uploads\\\/2025\\\/06\\\/Imagen-destacada-blog-interno-2-2.jpg\",\"articleSection\":[\"Junta Bimestral AMPI\"],\"inLanguage\":\"es\",\"potentialAction\":[{\"@type\":\"CommentAction\",\"name\":\"Comment\",\"target\":[\"https:\\\/\\\/ampirivieranayarit.com\\\/blog\\\/2025\\\/06\\\/27\\\/tercera-junta-bimestral-2025-ampi-riviera-nayarit\\\/#respond\"]}]},{\"@type\":\"WebPage\",\"@id\":\"https:\\\/\\\/ampirivieranayarit.com\\\/blog\\\/2025\\\/06\\\/27\\\/tercera-junta-bimestral-2025-ampi-riviera-nayarit\\\/\",\"url\":\"https:\\\/\\\/ampirivieranayarit.com\\\/blog\\\/2025\\\/06\\\/27\\\/tercera-junta-bimestral-2025-ampi-riviera-nayarit\\\/\",\"name\":\"3ra Junta Bimestral AMPI Riviera Nayarit 2025: Resultados\",\"isPartOf\":{\"@id\":\"https:\\\/\\\/ampirivieranayarit.com\\\/blog\\\/#website\"},\"primaryImageOfPage\":{\"@id\":\"https:\\\/\\\/ampirivieranayarit.com\\\/blog\\\/2025\\\/06\\\/27\\\/tercera-junta-bimestral-2025-ampi-riviera-nayarit\\\/#primaryimage\"},\"image\":{\"@id\":\"https:\\\/\\\/ampirivieranayarit.com\\\/blog\\\/2025\\\/06\\\/27\\\/tercera-junta-bimestral-2025-ampi-riviera-nayarit\\\/#primaryimage\"},\"thumbnailUrl\":\"https:\\\/\\\/ampirivieranayarit.com\\\/blog\\\/wp-content\\\/uploads\\\/2025\\\/06\\\/Imagen-destacada-blog-interno-2-2.jpg\",\"datePublished\":\"2025-06-27T16:36:25+00:00\",\"dateModified\":\"2026-02-20T23:07:27+00:00\",\"description\":\"Revive los acuerdos de la Tercera Junta Bimestral 2025 de AMPI Riviera Nayarit. Alianzas estrat\u00e9gicas, nuevos socios y avances para el sector inmobiliario costero.\",\"breadcrumb\":{\"@id\":\"https:\\\/\\\/ampirivieranayarit.com\\\/blog\\\/2025\\\/06\\\/27\\\/tercera-junta-bimestral-2025-ampi-riviera-nayarit\\\/#breadcrumb\"},\"inLanguage\":\"es\",\"potentialAction\":[{\"@type\":\"ReadAction\",\"target\":[\"https:\\\/\\\/ampirivieranayarit.com\\\/blog\\\/2025\\\/06\\\/27\\\/tercera-junta-bimestral-2025-ampi-riviera-nayarit\\\/\"]}]},{\"@type\":\"ImageObject\",\"inLanguage\":\"es\",\"@id\":\"https:\\\/\\\/ampirivieranayarit.com\\\/blog\\\/2025\\\/06\\\/27\\\/tercera-junta-bimestral-2025-ampi-riviera-nayarit\\\/#primaryimage\",\"url\":\"https:\\\/\\\/ampirivieranayarit.com\\\/blog\\\/wp-content\\\/uploads\\\/2025\\\/06\\\/Imagen-destacada-blog-interno-2-2.jpg\",\"contentUrl\":\"https:\\\/\\\/ampirivieranayarit.com\\\/blog\\\/wp-content\\\/uploads\\\/2025\\\/06\\\/Imagen-destacada-blog-interno-2-2.jpg\",\"width\":2560,\"height\":1593},{\"@type\":\"BreadcrumbList\",\"@id\":\"https:\\\/\\\/ampirivieranayarit.com\\\/blog\\\/2025\\\/06\\\/27\\\/tercera-junta-bimestral-2025-ampi-riviera-nayarit\\\/#breadcrumb\",\"itemListElement\":[{\"@type\":\"ListItem\",\"position\":1,\"name\":\"Inicio\",\"item\":\"https:\\\/\\\/ampirivieranayarit.com\\\/blog\\\/\"},{\"@type\":\"ListItem\",\"position\":2,\"name\":\"Encuentro estrat\u00e9gico: AMPI Riviera Nayarit fortalece v\u00ednculos en su Tercera Junta Bimestral 2025 \ud83e\udd1d\"}]},{\"@type\":\"WebSite\",\"@id\":\"https:\\\/\\\/ampirivieranayarit.com\\\/blog\\\/#website\",\"url\":\"https:\\\/\\\/ampirivieranayarit.com\\\/blog\\\/\",\"name\":\"AMPI RIVIERA NAYARIT\",\"description\":\"Blog de AMPI Riviera Nayarit\",\"publisher\":{\"@id\":\"https:\\\/\\\/ampirivieranayarit.com\\\/blog\\\/#organization\"},\"potentialAction\":[{\"@type\":\"SearchAction\",\"target\":{\"@type\":\"EntryPoint\",\"urlTemplate\":\"https:\\\/\\\/ampirivieranayarit.com\\\/blog\\\/?s={search_term_string}\"},\"query-input\":{\"@type\":\"PropertyValueSpecification\",\"valueRequired\":true,\"valueName\":\"search_term_string\"}}],\"inLanguage\":\"es\"},{\"@type\":\"Organization\",\"@id\":\"https:\\\/\\\/ampirivieranayarit.com\\\/blog\\\/#organization\",\"name\":\"AMPI RIVIERA NAYARIT\",\"url\":\"https:\\\/\\\/ampirivieranayarit.com\\\/blog\\\/\",\"logo\":{\"@type\":\"ImageObject\",\"inLanguage\":\"es\",\"@id\":\"https:\\\/\\\/ampirivieranayarit.com\\\/blog\\\/#\\\/schema\\\/logo\\\/image\\\/\",\"url\":\"https:\\\/\\\/ampirivieranayarit.com\\\/blog\\\/wp-content\\\/uploads\\\/2025\\\/05\\\/cropped-logoverde-1.png\",\"contentUrl\":\"https:\\\/\\\/ampirivieranayarit.com\\\/blog\\\/wp-content\\\/uploads\\\/2025\\\/05\\\/cropped-logoverde-1.png\",\"width\":499,\"height\":167,\"caption\":\"AMPI RIVIERA NAYARIT\"},\"image\":{\"@id\":\"https:\\\/\\\/ampirivieranayarit.com\\\/blog\\\/#\\\/schema\\\/logo\\\/image\\\/\"}},{\"@type\":\"Person\",\"@id\":\"https:\\\/\\\/ampirivieranayarit.com\\\/blog\\\/#\\\/schema\\\/person\\\/0e5446f8d30ed198291db2cfc2f5dc99\",\"name\":\"ampirn\",\"image\":{\"@type\":\"ImageObject\",\"inLanguage\":\"es\",\"@id\":\"https:\\\/\\\/secure.gravatar.com\\\/avatar\\\/97b5e08b3baf5412fd3d064f9713b27f0b5a3002d5ec01f5604ef52f85d009d8?s=96&d=mm&r=g\",\"url\":\"https:\\\/\\\/secure.gravatar.com\\\/avatar\\\/97b5e08b3baf5412fd3d064f9713b27f0b5a3002d5ec01f5604ef52f85d009d8?s=96&d=mm&r=g\",\"contentUrl\":\"https:\\\/\\\/secure.gravatar.com\\\/avatar\\\/97b5e08b3baf5412fd3d064f9713b27f0b5a3002d5ec01f5604ef52f85d009d8?s=96&d=mm&r=g\",\"caption\":\"ampirn\"},\"url\":\"https:\\\/\\\/ampirivieranayarit.com\\\/blog\\\/author\\\/ampirn\\\/\"}]}<\/script>\n<!-- \/ Yoast SEO plugin. -->","yoast_head_json":{"title":"3ra Junta Bimestral AMPI Riviera Nayarit 2025: Resultados","description":"Revive los acuerdos de la Tercera Junta Bimestral 2025 de AMPI Riviera Nayarit. Alianzas estrat\u00e9gicas, nuevos socios y avances para el sector inmobiliario costero.","robots":{"index":"index","follow":"follow","max-snippet":"max-snippet:-1","max-image-preview":"max-image-preview:large","max-video-preview":"max-video-preview:-1"},"canonical":"https:\/\/ampirivieranayarit.com\/blog\/2025\/06\/27\/tercera-junta-bimestral-2025-ampi-riviera-nayarit\/","og_locale":"es_MX","og_type":"article","og_title":"3ra Junta Bimestral AMPI Riviera Nayarit 2025: Resultados","og_description":"Revive los acuerdos de la Tercera Junta Bimestral 2025 de AMPI Riviera Nayarit. Alianzas estrat\u00e9gicas, nuevos socios y avances para el sector inmobiliario costero.","og_url":"https:\/\/ampirivieranayarit.com\/blog\/2025\/06\/27\/tercera-junta-bimestral-2025-ampi-riviera-nayarit\/","og_site_name":"AMPI RIVIERA NAYARIT","article_published_time":"2025-06-27T16:36:25+00:00","article_modified_time":"2026-02-20T23:07:27+00:00","og_image":[{"width":1024,"height":637,"url":"https:\/\/ampirivieranayarit.com\/blog\/wp-content\/uploads\/2025\/06\/Imagen-destacada-blog-interno-2-2-1024x637.jpg","type":"image\/jpeg"}],"author":"ampirn","twitter_card":"summary_large_image","twitter_misc":{"Escrito por":"ampirn","Tiempo de lectura":"5 minutos"},"schema":{"@context":"https:\/\/schema.org","@graph":[{"@type":"Article","@id":"https:\/\/ampirivieranayarit.com\/blog\/2025\/06\/27\/tercera-junta-bimestral-2025-ampi-riviera-nayarit\/#article","isPartOf":{"@id":"https:\/\/ampirivieranayarit.com\/blog\/2025\/06\/27\/tercera-junta-bimestral-2025-ampi-riviera-nayarit\/"},"author":{"name":"ampirn","@id":"https:\/\/ampirivieranayarit.com\/blog\/#\/schema\/person\/0e5446f8d30ed198291db2cfc2f5dc99"},"headline":"Encuentro estrat\u00e9gico: AMPI Riviera Nayarit fortalece v\u00ednculos en su Tercera Junta Bimestral 2025 \ud83e\udd1d","datePublished":"2025-06-27T16:36:25+00:00","dateModified":"2026-02-20T23:07:27+00:00","mainEntityOfPage":{"@id":"https:\/\/ampirivieranayarit.com\/blog\/2025\/06\/27\/tercera-junta-bimestral-2025-ampi-riviera-nayarit\/"},"wordCount":767,"commentCount":0,"publisher":{"@id":"https:\/\/ampirivieranayarit.com\/blog\/#organization"},"image":{"@id":"https:\/\/ampirivieranayarit.com\/blog\/2025\/06\/27\/tercera-junta-bimestral-2025-ampi-riviera-nayarit\/#primaryimage"},"thumbnailUrl":"https:\/\/ampirivieranayarit.com\/blog\/wp-content\/uploads\/2025\/06\/Imagen-destacada-blog-interno-2-2.jpg","articleSection":["Junta Bimestral AMPI"],"inLanguage":"es","potentialAction":[{"@type":"CommentAction","name":"Comment","target":["https:\/\/ampirivieranayarit.com\/blog\/2025\/06\/27\/tercera-junta-bimestral-2025-ampi-riviera-nayarit\/#respond"]}]},{"@type":"WebPage","@id":"https:\/\/ampirivieranayarit.com\/blog\/2025\/06\/27\/tercera-junta-bimestral-2025-ampi-riviera-nayarit\/","url":"https:\/\/ampirivieranayarit.com\/blog\/2025\/06\/27\/tercera-junta-bimestral-2025-ampi-riviera-nayarit\/","name":"3ra Junta Bimestral AMPI Riviera Nayarit 2025: Resultados","isPartOf":{"@id":"https:\/\/ampirivieranayarit.com\/blog\/#website"},"primaryImageOfPage":{"@id":"https:\/\/ampirivieranayarit.com\/blog\/2025\/06\/27\/tercera-junta-bimestral-2025-ampi-riviera-nayarit\/#primaryimage"},"image":{"@id":"https:\/\/ampirivieranayarit.com\/blog\/2025\/06\/27\/tercera-junta-bimestral-2025-ampi-riviera-nayarit\/#primaryimage"},"thumbnailUrl":"https:\/\/ampirivieranayarit.com\/blog\/wp-content\/uploads\/2025\/06\/Imagen-destacada-blog-interno-2-2.jpg","datePublished":"2025-06-27T16:36:25+00:00","dateModified":"2026-02-20T23:07:27+00:00","description":"Revive los acuerdos de la Tercera Junta Bimestral 2025 de AMPI Riviera Nayarit. Alianzas estrat\u00e9gicas, nuevos socios y avances para el sector inmobiliario costero.","breadcrumb":{"@id":"https:\/\/ampirivieranayarit.com\/blog\/2025\/06\/27\/tercera-junta-bimestral-2025-ampi-riviera-nayarit\/#breadcrumb"},"inLanguage":"es","potentialAction":[{"@type":"ReadAction","target":["https:\/\/ampirivieranayarit.com\/blog\/2025\/06\/27\/tercera-junta-bimestral-2025-ampi-riviera-nayarit\/"]}]},{"@type":"ImageObject","inLanguage":"es","@id":"https:\/\/ampirivieranayarit.com\/blog\/2025\/06\/27\/tercera-junta-bimestral-2025-ampi-riviera-nayarit\/#primaryimage","url":"https:\/\/ampirivieranayarit.com\/blog\/wp-content\/uploads\/2025\/06\/Imagen-destacada-blog-interno-2-2.jpg","contentUrl":"https:\/\/ampirivieranayarit.com\/blog\/wp-content\/uploads\/2025\/06\/Imagen-destacada-blog-interno-2-2.jpg","width":2560,"height":1593},{"@type":"BreadcrumbList","@id":"https:\/\/ampirivieranayarit.com\/blog\/2025\/06\/27\/tercera-junta-bimestral-2025-ampi-riviera-nayarit\/#breadcrumb","itemListElement":[{"@type":"ListItem","position":1,"name":"Inicio","item":"https:\/\/ampirivieranayarit.com\/blog\/"},{"@type":"ListItem","position":2,"name":"Encuentro estrat\u00e9gico: AMPI Riviera Nayarit fortalece v\u00ednculos en su Tercera Junta Bimestral 2025 \ud83e\udd1d"}]},{"@type":"WebSite","@id":"https:\/\/ampirivieranayarit.com\/blog\/#website","url":"https:\/\/ampirivieranayarit.com\/blog\/","name":"AMPI RIVIERA NAYARIT","description":"Blog de AMPI Riviera Nayarit","publisher":{"@id":"https:\/\/ampirivieranayarit.com\/blog\/#organization"},"potentialAction":[{"@type":"SearchAction","target":{"@type":"EntryPoint","urlTemplate":"https:\/\/ampirivieranayarit.com\/blog\/?s={search_term_string}"},"query-input":{"@type":"PropertyValueSpecification","valueRequired":true,"valueName":"search_term_string"}}],"inLanguage":"es"},{"@type":"Organization","@id":"https:\/\/ampirivieranayarit.com\/blog\/#organization","name":"AMPI RIVIERA NAYARIT","url":"https:\/\/ampirivieranayarit.com\/blog\/","logo":{"@type":"ImageObject","inLanguage":"es","@id":"https:\/\/ampirivieranayarit.com\/blog\/#\/schema\/logo\/image\/","url":"https:\/\/ampirivieranayarit.com\/blog\/wp-content\/uploads\/2025\/05\/cropped-logoverde-1.png","contentUrl":"https:\/\/ampirivieranayarit.com\/blog\/wp-content\/uploads\/2025\/05\/cropped-logoverde-1.png","width":499,"height":167,"caption":"AMPI RIVIERA NAYARIT"},"image":{"@id":"https:\/\/ampirivieranayarit.com\/blog\/#\/schema\/logo\/image\/"}},{"@type":"Person","@id":"https:\/\/ampirivieranayarit.com\/blog\/#\/schema\/person\/0e5446f8d30ed198291db2cfc2f5dc99","name":"ampirn","image":{"@type":"ImageObject","inLanguage":"es","@id":"https:\/\/secure.gravatar.com\/avatar\/97b5e08b3baf5412fd3d064f9713b27f0b5a3002d5ec01f5604ef52f85d009d8?s=96&d=mm&r=g","url":"https:\/\/secure.gravatar.com\/avatar\/97b5e08b3baf5412fd3d064f9713b27f0b5a3002d5ec01f5604ef52f85d009d8?s=96&d=mm&r=g","contentUrl":"https:\/\/secure.gravatar.com\/avatar\/97b5e08b3baf5412fd3d064f9713b27f0b5a3002d5ec01f5604ef52f85d009d8?s=96&d=mm&r=g","caption":"ampirn"},"url":"https:\/\/ampirivieranayarit.com\/blog\/author\/ampirn\/"}]}},"_links":{"self":[{"href":"https:\/\/ampirivieranayarit.com\/blog\/wp-json\/wp\/v2\/posts\/127","targetHints":{"allow":["GET"]}}],"collection":[{"href":"https:\/\/ampirivieranayarit.com\/blog\/wp-json\/wp\/v2\/posts"}],"about":[{"href":"https:\/\/ampirivieranayarit.com\/blog\/wp-json\/wp\/v2\/types\/post"}],"author":[{"embeddable":true,"href":"https:\/\/ampirivieranayarit.com\/blog\/wp-json\/wp\/v2\/users\/2"}],"replies":[{"embeddable":true,"href":"https:\/\/ampirivieranayarit.com\/blog\/wp-json\/wp\/v2\/comments?post=127"}],"version-history":[{"count":2,"href":"https:\/\/ampirivieranayarit.com\/blog\/wp-json\/wp\/v2\/posts\/127\/revisions"}],"predecessor-version":[{"id":180,"href":"https:\/\/ampirivieranayarit.com\/blog\/wp-json\/wp\/v2\/posts\/127\/revisions\/180"}],"wp:featuredmedia":[{"embeddable":true,"href":"https:\/\/ampirivieranayarit.com\/blog\/wp-json\/wp\/v2\/media\/132"}],"wp:attachment":[{"href":"https:\/\/ampirivieranayarit.com\/blog\/wp-json\/wp\/v2\/media?parent=127"}],"wp:term":[{"taxonomy":"category","embeddable":true,"href":"https:\/\/ampirivieranayarit.com\/blog\/wp-json\/wp\/v2\/categories?post=127"},{"taxonomy":"post_tag","embeddable":true,"href":"https:\/\/ampirivieranayarit.com\/blog\/wp-json\/wp\/v2\/tags?post=127"}],"curies":[{"name":"wp","href":"https:\/\/api.w.org\/{rel}","templated":true}]}}